{"id":23457,"date":"2022-05-10T22:22:42","date_gmt":"2022-05-10T22:22:42","guid":{"rendered":"https:\/\/caficon.com\/?p=23457"},"modified":"2022-06-09T19:49:31","modified_gmt":"2022-06-09T19:49:31","slug":"el-sat-informa-que-la-entrada-para-la-nueva-factura-electronica-4-0-sera-prorrogada-hasta-el-1-de-enero-de-2023","status":"publish","type":"post","link":"https:\/\/caficon.com\/index.php\/2022\/05\/10\/el-sat-informa-que-la-entrada-para-la-nueva-factura-electronica-4-0-sera-prorrogada-hasta-el-1-de-enero-de-2023\/","title":{"rendered":"El SAT informa que la entrada para la nueva factura electr\u00f3nica 4.0 ser\u00e1 prorrogada  hasta el 1 de enero de 2023"},"content":{"rendered":"\t\t<div data-elementor-type=\"wp-post\" data-elementor-id=\"23457\" class=\"elementor elementor-23457\" data-elementor-post-type=\"post\">\n\t\t\t\t\t\t<section class=\"elementor-section elementor-top-section elementor-element elementor-element-84f2d15 animated-slow elementor-section-boxed elementor-section-height-default elementor-section-height-default elementor-invisible\" data-id=\"84f2d15\" data-element_type=\"section\" data-settings=\"{&quot;animation&quot;:&quot;fadeInDown&quot;}\">\n\t\t\t\t\t\t<div class=\"elementor-container elementor-column-gap-default\">\n\t\t\t\t\t<div class=\"elementor-column elementor-col-100 elementor-top-column elementor-element elementor-element-051cf04\" data-id=\"051cf04\" data-element_type=\"column\">\n\t\t\t<div class=\"elementor-widget-wrap elementor-element-populated\">\n\t\t\t\t\t\t<div class=\"elementor-element elementor-element-8f6b481 elementor-widget elementor-widget-image\" data-id=\"8f6b481\" data-element_type=\"widget\" data-widget_type=\"image.default\">\n\t\t\t\t<div class=\"elementor-widget-container\">\n\t\t\t\t\t\t\t\t\t\t\t\t\t\t\t<img fetchpriority=\"high\" decoding=\"async\" width=\"768\" height=\"686\" src=\"https:\/\/caficon.com\/wp-content\/uploads\/2022\/05\/WhatsApp-Image-2022-06-08-at-3.31.49-PM-768x686.jpeg\" class=\"attachment-medium_large size-medium_large wp-image-24557\" alt=\"\" srcset=\"https:\/\/caficon.com\/wp-content\/uploads\/2022\/05\/WhatsApp-Image-2022-06-08-at-3.31.49-PM-768x686.jpeg 768w, https:\/\/caficon.com\/wp-content\/uploads\/2022\/05\/WhatsApp-Image-2022-06-08-at-3.31.49-PM-600x536.jpeg 600w, https:\/\/caficon.com\/wp-content\/uploads\/2022\/05\/WhatsApp-Image-2022-06-08-at-3.31.49-PM-300x268.jpeg 300w, https:\/\/caficon.com\/wp-content\/uploads\/2022\/05\/WhatsApp-Image-2022-06-08-at-3.31.49-PM-1024x915.jpeg 1024w, https:\/\/caficon.com\/wp-content\/uploads\/2022\/05\/WhatsApp-Image-2022-06-08-at-3.31.49-PM.jpeg 1080w\" sizes=\"(max-width: 768px) 100vw, 768px\" \/>\t\t\t\t\t\t\t\t\t\t\t\t\t\t\t<\/div>\n\t\t\t\t<\/div>\n\t\t\t\t<div class=\"elementor-element elementor-element-d01ebab elementor-widget elementor-widget-spacer\" data-id=\"d01ebab\" data-element_type=\"widget\" data-widget_type=\"spacer.default\">\n\t\t\t\t<div class=\"elementor-widget-container\">\n\t\t\t\t\t\t\t<div class=\"elementor-spacer\">\n\t\t\t<div class=\"elementor-spacer-inner\"><\/div>\n\t\t<\/div>\n\t\t\t\t\t\t<\/div>\n\t\t\t\t<\/div>\n\t\t\t\t<section class=\"elementor-section elementor-inner-section elementor-element elementor-element-81296db elementor-section-boxed elementor-section-height-default elementor-section-height-default\" data-id=\"81296db\" data-element_type=\"section\">\n\t\t\t\t\t\t<div class=\"elementor-container elementor-column-gap-default\">\n\t\t\t\t\t<div class=\"elementor-column elementor-col-50 elementor-inner-column elementor-element elementor-element-9d53899\" data-id=\"9d53899\" data-element_type=\"column\">\n\t\t\t<div class=\"elementor-widget-wrap elementor-element-populated\">\n\t\t\t\t\t\t<div class=\"elementor-element elementor-element-089f522 elementor-widget elementor-widget-heading\" data-id=\"089f522\" data-element_type=\"widget\" data-widget_type=\"heading.default\">\n\t\t\t\t<div class=\"elementor-widget-container\">\n\t\t\t\t\t<h3 class=\"elementor-heading-title elementor-size-default\">Con el prop\u00f3sito de otorgar facilidades a los contribuyentes para cumplir con sus \nobligaciones fiscales, el Servicio de Administraci\u00f3n Tributaria (SAT) informa que la nueva factura electr\u00f3nica 4.0 ser\u00e1 obligatoria a partir del 1 de enero de 2023.<\/h3>\t\t\t\t<\/div>\n\t\t\t\t<\/div>\n\t\t\t\t\t<\/div>\n\t\t<\/div>\n\t\t\t\t<div class=\"elementor-column elementor-col-50 elementor-inner-column elementor-element elementor-element-ae3ce07\" data-id=\"ae3ce07\" data-element_type=\"column\">\n\t\t\t<div class=\"elementor-widget-wrap elementor-element-populated\">\n\t\t\t\t\t\t<div class=\"elementor-element elementor-element-23fb7d0 elementor-widget elementor-widget-text-editor\" data-id=\"23fb7d0\" data-element_type=\"widget\" data-widget_type=\"text-editor.default\">\n\t\t\t\t<div class=\"elementor-widget-container\">\n\t\t\t\t\t\t\t\t\t<p>Las personas f\u00edsicas y morales que al d\u00eda de hoy utilizan la nueva versi\u00f3n de facturaci\u00f3n<br \/>4.0 les pedimos continuar con ella con la finalidad de socializar el uso de la misma.<\/p><p>Por otro lado, quienes a\u00fan no la utilizan, se les invita a continuar con el proceso de <br \/>transici\u00f3n durante el resto del a\u00f1o.<\/p><p><a href=\"https:\/\/caficon.com\/wp-content\/COMUNICADO_029_PRO\u0301RROGA_FACTURA4.0_080622.pdf\">LEA LA NOTICIA COMPLETA AQU\u00cd<\/a><\/p>\t\t\t\t\t\t\t\t<\/div>\n\t\t\t\t<\/div>\n\t\t\t\t\t<\/div>\n\t\t<\/div>\n\t\t\t\t\t<\/div>\n\t\t<\/section>\n\t\t\t\t<div class=\"elementor-element elementor-element-d820fca elementor-widget elementor-widget-spacer\" data-id=\"d820fca\" data-element_type=\"widget\" data-widget_type=\"spacer.default\">\n\t\t\t\t<div class=\"elementor-widget-container\">\n\t\t\t\t\t\t\t<div class=\"elementor-spacer\">\n\t\t\t<div class=\"elementor-spacer-inner\"><\/div>\n\t\t<\/div>\n\t\t\t\t\t\t<\/div>\n\t\t\t\t<\/div>\n\t\t\t\t\t<\/div>\n\t\t<\/div>\n\t\t\t\t\t<\/div>\n\t\t<\/section>\n\t\t\t\t<\/div>\n\t\t","protected":false},"excerpt":{"rendered":"<p>Con el prop\u00f3sito de otorgar facilidades a los contribuyentes para cumplir con sus obligaciones fiscales, el Servicio de Administraci\u00f3n Tributaria (SAT) informa que la nueva factura electr\u00f3nica 4.0 ser\u00e1 obligatoria a partir del 1 de enero de 2023. Las personas f\u00edsicas y morales que al d\u00eda de hoy utilizan la nueva versi\u00f3n de facturaci\u00f3n4.0 les [&hellip;]<\/p>\n","protected":false},"author":1,"featured_media":24557,"comment_status":"closed","ping_status":"closed","sticky":false,"template":"","format":"standard","meta":{"footnotes":""},"categories":[1],"tags":[],"class_list":["post-23457","post","type-post","status-publish","format-standard","has-post-thumbnail","hentry","category-sin-categoria"],"_links":{"self":[{"href":"https:\/\/caficon.com\/index.php\/wp-json\/wp\/v2\/posts\/23457","targetHints":{"allow":["GET"]}}],"collection":[{"href":"https:\/\/caficon.com\/index.php\/wp-json\/wp\/v2\/posts"}],"about":[{"href":"https:\/\/caficon.com\/index.php\/wp-json\/wp\/v2\/types\/post"}],"author":[{"embeddable":true,"href":"https:\/\/caficon.com\/index.php\/wp-json\/wp\/v2\/users\/1"}],"replies":[{"embeddable":true,"href":"https:\/\/caficon.com\/index.php\/wp-json\/wp\/v2\/comments?post=23457"}],"version-history":[{"count":21,"href":"https:\/\/caficon.com\/index.php\/wp-json\/wp\/v2\/posts\/23457\/revisions"}],"predecessor-version":[{"id":24566,"href":"https:\/\/caficon.com\/index.php\/wp-json\/wp\/v2\/posts\/23457\/revisions\/24566"}],"wp:featuredmedia":[{"embeddable":true,"href":"https:\/\/caficon.com\/index.php\/wp-json\/wp\/v2\/media\/24557"}],"wp:attachment":[{"href":"https:\/\/caficon.com\/index.php\/wp-json\/wp\/v2\/media?parent=23457"}],"wp:term":[{"taxonomy":"category","embeddable":true,"href":"https:\/\/caficon.com\/index.php\/wp-json\/wp\/v2\/categories?post=23457"},{"taxonomy":"post_tag","embeddable":true,"href":"https:\/\/caficon.com\/index.php\/wp-json\/wp\/v2\/tags?post=23457"}],"curies":[{"name":"wp","href":"https:\/\/api.w.org\/{rel}","templated":true}]}}